{"id":4678,"date":"2023-10-30T11:25:25","date_gmt":"2023-10-30T09:25:25","guid":{"rendered":"https:\/\/ebm.si\/zw\/o\/?p=4678"},"modified":"2023-10-30T11:45:28","modified_gmt":"2023-10-30T09:45:28","slug":"posvet-zakaj-odpadki-na-prireditvah-se-niso-stvar-preteklosti","status":"publish","type":"post","link":"https:\/\/ebm.si\/zw\/o\/2023\/posvet-zakaj-odpadki-na-prireditvah-se-niso-stvar-preteklosti\/","title":{"rendered":"Posvet: Zakaj odpadki na prireditvah \u0161e niso stvar preteklosti?"},"content":{"rendered":"<p><span style=\"font-weight: 400\">Ekologi brez meja vas v sodelovanju z Mestno ob\u010dino Maribor vabimo na zaklju\u010dni posvet projekta Prireditve z manj odpadki. Posvet, ki je namenjen organizatorjem prireditev, odlo\u010devalcem, medijem in nevladnim organizacijam, bo potekal v \u010dasu Evropskega tedna zmanj\u0161evanja odpadkov, v<strong> sredo, 22. novembra, med 10. in 12. uro v Vetrinjcu BarCoda<\/strong>, Vetrinjska ulica 30, Maribor.\u00a0<\/span><\/p>\n<p><span style=\"font-weight: 400\">Na dogodku bomo predstavili <\/span><b>rezultate analize ravnanja z odpadki na mariborskih prireditvah<\/b><span style=\"font-weight: 400\">, <\/span><b>smernice <\/b><span style=\"font-weight: 400\">za izbolj\u0161anje stanja, v <\/span><b>pogovoru <\/b><span style=\"font-weight: 400\">z organizatorji zero waste prireditev pa bomo opozorili na dobre in slabe prakse organizatorjev ter sistemske pomanjkljivosti. Predsednici dru\u0161tva Ekologi brez meja, Katji Sre\u0161, se bodo za omizjem pridru\u017eili:<\/span><\/p>\n<ul>\n<li style=\"font-weight: 400\"><span style=\"font-weight: 400\">Ana Ponikvar, zelena koordinatorka ZPTM Bre\u017eice<\/span><\/li>\n<li style=\"font-weight: 400\"><span style=\"font-weight: 400\">Marko Pintari\u010d, organizator Maratona treh src<\/span><\/li>\n<li style=\"font-weight: 400\"><span style=\"font-weight: 400\">Martin Po\u010dkar, vodja (Z)me\u0161anega festivala<\/span><\/li>\n<li>TBA, Art kamp<\/li>\n<\/ul>\n<p><span style=\"font-weight: 400\">Na dogodku, kjer bo poskrbljeno za sladko pogostitev s kavo, bo \u010das tudi za <\/span><b>debato z udele\u017eenci<\/b><span style=\"font-weight: 400\">, ki bodo imeli prilo\u017enost<\/span><b> pokukati za zero waste \u0161ank Vetrinjca<\/b><span style=\"font-weight: 400\">. Udele\u017eba je brezpla\u010dna, zaradi la\u017eje organizacije in omejenega \u0161tevila mest pa so prijave obvezne prek <\/span><a href=\"https:\/\/forms.gle\/cqJkcLwscQAgbeiN9\" target=\"_blank\" rel=\"noopener noreferrer\"><span style=\"font-weight: 400\">obrazca na tej povezavi<\/span><\/a><span style=\"font-weight: 400\">.<\/span><\/p>\n<p style=\"text-align: center\">\n<a class=\"greennature-button medium\" href=\"https:\/\/forms.gle\/cqJkcLwscQAgbeiN9\" target=\"_blank\"  style=\"color:#ffffff; background-color:#9BB84D; \"  >Prijava na posvet<\/a>\n<\/p>\n<p><i><span style=\"font-weight: 400\">Projekt je sofinanciran s strani Mestne ob\u010dine Maribor<\/span><\/i><\/p>\n<p><em>Foto: Dejan Bulut<\/em><\/p>\n<p><a href=\"https:\/\/ebm.si\/zw\/wp-content\/uploads\/2023\/10\/Dogodek-EBM-ETZO-MB-23.jpg\"><img loading=\"lazy\" decoding=\"async\" class=\"wp-image-4680 size-full\" title=\"Posvet: Zakaj odpadki na prireditvah \u0161e niso stvar preteklosti? \" src=\"https:\/\/ebm.si\/zw\/wp-content\/uploads\/2023\/10\/Dogodek-EBM-ETZO-MB-23.jpg\" alt=\"Posvet: Zakaj odpadki na prireditvah \u0161e niso stvar preteklosti? \" width=\"1920\" height=\"1005\" srcset=\"https:\/\/ebm.si\/zw\/wp-content\/uploads\/2023\/10\/Dogodek-EBM-ETZO-MB-23.jpg 1920w, https:\/\/ebm.si\/zw\/wp-content\/uploads\/2023\/10\/Dogodek-EBM-ETZO-MB-23-300x157.jpg 300w, https:\/\/ebm.si\/zw\/wp-content\/uploads\/2023\/10\/Dogodek-EBM-ETZO-MB-23-768x402.jpg 768w, https:\/\/ebm.si\/zw\/wp-content\/uploads\/2023\/10\/Dogodek-EBM-ETZO-MB-23-1024x536.jpg 1024w\" sizes=\"(max-width: 1920px) 100vw, 1920px\" \/><\/a><\/p>\n","protected":false},"excerpt":{"rendered":"<p>Ekologi brez meja vas v sodelovanju z Mestno ob\u010dino Maribor vabimo na zaklju\u010dni posvet projekta Prireditve z manj odpadki. Posvet, ki je namenjen organizatorjem prireditev, odlo\u010devalcem, medijem in nevladnim organizacijam, bo potekal v \u010dasu Evropskega tedna zmanj\u0161evanja odpadkov, v sredo, 22. novembra, med 10. in 12. uro v Vetrinjcu BarCoda, Vetrinjska ulica 30, Maribor.\u00a0 Na&#8230; <\/p>\n<div class=\"clear\"><\/div>\n<p><a href=\"https:\/\/ebm.si\/zw\/o\/2023\/posvet-zakaj-odpadki-na-prireditvah-se-niso-stvar-preteklosti\/\" class=\"excerpt-read-more\">Preberi ve\u010d<\/a><\/p>\n","protected":false},"author":2,"featured_media":4681,"comment_status":"closed","ping_status":"closed","sticky":false,"template":"","format":"standard","meta":{"footnotes":""},"categories":[3,7,11],"tags":[136],"class_list":["post-4678","post","type-post","status-publish","format-standard","has-post-thumbnail","hentry","category-dogodki","category-novice","category-zero-waste-turizem","tag-zero-waste-dogodki"],"yoast_head":"<!-- This site is optimized with the Yoast SEO plugin v23.1 - https:\/\/yoast.com\/wordpress\/plugins\/seo\/ -->\n<title>Posvet: Zakaj odpadki na prireditvah \u0161e niso stvar preteklosti?<\/title>\n<meta name=\"description\" content=\"Ekologi brez meja vas v sodelovanju z Mestno ob\u010dino Maribor vabimo na zaklju\u010dni posvet projekta Prireditve z manj odpadki.\" \/>\n<meta name=\"robots\" content=\"index, follow, max-snippet:-1, max-image-preview:large, max-video-preview:-1\" \/>\n<link rel=\"canonical\" href=\"https:\/\/ebm.si\/zw\/o\/2023\/posvet-zakaj-odpadki-na-prireditvah-se-niso-stvar-preteklosti\/\" \/>\n<meta property=\"og:locale\" content=\"sl_SI\" \/>\n<meta property=\"og:type\" content=\"article\" \/>\n<meta property=\"og:title\" content=\"Posvet: Zakaj odpadki na prireditvah \u0161e niso stvar preteklosti?\" \/>\n<meta property=\"og:description\" content=\"Ekologi brez meja vas v sodelovanju z Mestno ob\u010dino Maribor vabimo na zaklju\u010dni posvet projekta Prireditve z manj odpadki.\" \/>\n<meta property=\"og:url\" content=\"https:\/\/ebm.si\/zw\/o\/2023\/posvet-zakaj-odpadki-na-prireditvah-se-niso-stvar-preteklosti\/\" \/>\n<meta property=\"og:site_name\" content=\"Zero Waste Slovenija\" \/>\n<meta property=\"article:published_time\" content=\"2023-10-30T09:25:25+00:00\" \/>\n<meta property=\"article:modified_time\" content=\"2023-10-30T09:45:28+00:00\" \/>\n<meta property=\"og:image\" content=\"https:\/\/ebm.si\/zw\/wp-content\/uploads\/2023\/10\/291505939_448512683944481_7441217077645914481_n-e1698657715393.jpg\" \/>\n\t<meta property=\"og:image:width\" content=\"1920\" \/>\n\t<meta property=\"og:image:height\" content=\"1195\" \/>\n\t<meta property=\"og:image:type\" content=\"image\/jpeg\" \/>\n<meta name=\"author\" content=\"Katja Sre\u0161\" \/>\n<meta name=\"twitter:card\" content=\"summary_large_image\" \/>\n<meta name=\"twitter:label1\" content=\"Written by\" \/>\n\t<meta name=\"twitter:data1\" content=\"Katja Sre\u0161\" \/>\n\t<meta name=\"twitter:label2\" content=\"Est. reading time\" \/>\n\t<meta name=\"twitter:data2\" content=\"1 minute\" \/>\n<script type=\"application\/ld+json\" class=\"yoast-schema-graph\">{\"@context\":\"https:\/\/schema.org\",\"@graph\":[{\"@type\":\"WebPage\",\"@id\":\"https:\/\/ebm.si\/zw\/o\/2023\/posvet-zakaj-odpadki-na-prireditvah-se-niso-stvar-preteklosti\/\",\"url\":\"https:\/\/ebm.si\/zw\/o\/2023\/posvet-zakaj-odpadki-na-prireditvah-se-niso-stvar-preteklosti\/\",\"name\":\"Posvet: Zakaj odpadki na prireditvah \u0161e niso stvar preteklosti?\",\"isPartOf\":{\"@id\":\"https:\/\/ebm.si\/zw\/o\/#website\"},\"primaryImageOfPage\":{\"@id\":\"https:\/\/ebm.si\/zw\/o\/2023\/posvet-zakaj-odpadki-na-prireditvah-se-niso-stvar-preteklosti\/#primaryimage\"},\"image\":{\"@id\":\"https:\/\/ebm.si\/zw\/o\/2023\/posvet-zakaj-odpadki-na-prireditvah-se-niso-stvar-preteklosti\/#primaryimage\"},\"thumbnailUrl\":\"https:\/\/ebm.si\/zw\/wp-content\/uploads\/2023\/10\/291505939_448512683944481_7441217077645914481_n-e1698657715393.jpg\",\"datePublished\":\"2023-10-30T09:25:25+00:00\",\"dateModified\":\"2023-10-30T09:45:28+00:00\",\"author\":{\"@id\":\"https:\/\/ebm.si\/zw\/o\/#\/schema\/person\/035f20d13ca5768d24a6942aaf423b7d\"},\"description\":\"Ekologi brez meja vas v sodelovanju z Mestno ob\u010dino Maribor vabimo na zaklju\u010dni posvet projekta Prireditve z manj odpadki.\",\"breadcrumb\":{\"@id\":\"https:\/\/ebm.si\/zw\/o\/2023\/posvet-zakaj-odpadki-na-prireditvah-se-niso-stvar-preteklosti\/#breadcrumb\"},\"inLanguage\":\"sl-SI\",\"potentialAction\":[{\"@type\":\"ReadAction\",\"target\":[\"https:\/\/ebm.si\/zw\/o\/2023\/posvet-zakaj-odpadki-na-prireditvah-se-niso-stvar-preteklosti\/\"]}]},{\"@type\":\"ImageObject\",\"inLanguage\":\"sl-SI\",\"@id\":\"https:\/\/ebm.si\/zw\/o\/2023\/posvet-zakaj-odpadki-na-prireditvah-se-niso-stvar-preteklosti\/#primaryimage\",\"url\":\"https:\/\/ebm.si\/zw\/wp-content\/uploads\/2023\/10\/291505939_448512683944481_7441217077645914481_n-e1698657715393.jpg\",\"contentUrl\":\"https:\/\/ebm.si\/zw\/wp-content\/uploads\/2023\/10\/291505939_448512683944481_7441217077645914481_n-e1698657715393.jpg\",\"width\":1920,\"height\":1195},{\"@type\":\"BreadcrumbList\",\"@id\":\"https:\/\/ebm.si\/zw\/o\/2023\/posvet-zakaj-odpadki-na-prireditvah-se-niso-stvar-preteklosti\/#breadcrumb\",\"itemListElement\":[{\"@type\":\"ListItem\",\"position\":1,\"name\":\"Home\",\"item\":\"https:\/\/ebm.si\/zw\/o\/\"},{\"@type\":\"ListItem\",\"position\":2,\"name\":\"Posvet: Zakaj odpadki na prireditvah \u0161e niso stvar preteklosti?\"}]},{\"@type\":\"WebSite\",\"@id\":\"https:\/\/ebm.si\/zw\/o\/#website\",\"url\":\"https:\/\/ebm.si\/zw\/o\/\",\"name\":\"Zero Waste Slovenija\",\"description\":\"Ker verjamemo v svet brez odpadkov\",\"potentialAction\":[{\"@type\":\"SearchAction\",\"target\":{\"@type\":\"EntryPoint\",\"urlTemplate\":\"https:\/\/ebm.si\/zw\/o\/?s={search_term_string}\"},\"query-input\":\"required name=search_term_string\"}],\"inLanguage\":\"sl-SI\"},{\"@type\":\"Person\",\"@id\":\"https:\/\/ebm.si\/zw\/o\/#\/schema\/person\/035f20d13ca5768d24a6942aaf423b7d\",\"name\":\"Katja Sre\u0161\",\"image\":{\"@type\":\"ImageObject\",\"inLanguage\":\"sl-SI\",\"@id\":\"https:\/\/ebm.si\/zw\/o\/#\/schema\/person\/image\/\",\"url\":\"https:\/\/secure.gravatar.com\/avatar\/0408b5641e04090f19ac973fdd8cff71?s=96&d=mm&r=g\",\"contentUrl\":\"https:\/\/secure.gravatar.com\/avatar\/0408b5641e04090f19ac973fdd8cff71?s=96&d=mm&r=g\",\"caption\":\"Katja Sre\u0161\"},\"url\":\"https:\/\/ebm.si\/zw\/o\/author\/srkatja\/\"}]}<\/script>\n<!-- \/ Yoast SEO plugin. -->","yoast_head_json":{"title":"Posvet: Zakaj odpadki na prireditvah \u0161e niso stvar preteklosti?","description":"Ekologi brez meja vas v sodelovanju z Mestno ob\u010dino Maribor vabimo na zaklju\u010dni posvet projekta Prireditve z manj odpadki.","robots":{"index":"index","follow":"follow","max-snippet":"max-snippet:-1","max-image-preview":"max-image-preview:large","max-video-preview":"max-video-preview:-1"},"canonical":"https:\/\/ebm.si\/zw\/o\/2023\/posvet-zakaj-odpadki-na-prireditvah-se-niso-stvar-preteklosti\/","og_locale":"sl_SI","og_type":"article","og_title":"Posvet: Zakaj odpadki na prireditvah \u0161e niso stvar preteklosti?","og_description":"Ekologi brez meja vas v sodelovanju z Mestno ob\u010dino Maribor vabimo na zaklju\u010dni posvet projekta Prireditve z manj odpadki.","og_url":"https:\/\/ebm.si\/zw\/o\/2023\/posvet-zakaj-odpadki-na-prireditvah-se-niso-stvar-preteklosti\/","og_site_name":"Zero Waste Slovenija","article_published_time":"2023-10-30T09:25:25+00:00","article_modified_time":"2023-10-30T09:45:28+00:00","og_image":[{"width":1920,"height":1195,"url":"https:\/\/ebm.si\/zw\/wp-content\/uploads\/2023\/10\/291505939_448512683944481_7441217077645914481_n-e1698657715393.jpg","type":"image\/jpeg"}],"author":"Katja Sre\u0161","twitter_card":"summary_large_image","twitter_misc":{"Written by":"Katja Sre\u0161","Est. reading time":"1 minute"},"schema":{"@context":"https:\/\/schema.org","@graph":[{"@type":"WebPage","@id":"https:\/\/ebm.si\/zw\/o\/2023\/posvet-zakaj-odpadki-na-prireditvah-se-niso-stvar-preteklosti\/","url":"https:\/\/ebm.si\/zw\/o\/2023\/posvet-zakaj-odpadki-na-prireditvah-se-niso-stvar-preteklosti\/","name":"Posvet: Zakaj odpadki na prireditvah \u0161e niso stvar preteklosti?","isPartOf":{"@id":"https:\/\/ebm.si\/zw\/o\/#website"},"primaryImageOfPage":{"@id":"https:\/\/ebm.si\/zw\/o\/2023\/posvet-zakaj-odpadki-na-prireditvah-se-niso-stvar-preteklosti\/#primaryimage"},"image":{"@id":"https:\/\/ebm.si\/zw\/o\/2023\/posvet-zakaj-odpadki-na-prireditvah-se-niso-stvar-preteklosti\/#primaryimage"},"thumbnailUrl":"https:\/\/ebm.si\/zw\/wp-content\/uploads\/2023\/10\/291505939_448512683944481_7441217077645914481_n-e1698657715393.jpg","datePublished":"2023-10-30T09:25:25+00:00","dateModified":"2023-10-30T09:45:28+00:00","author":{"@id":"https:\/\/ebm.si\/zw\/o\/#\/schema\/person\/035f20d13ca5768d24a6942aaf423b7d"},"description":"Ekologi brez meja vas v sodelovanju z Mestno ob\u010dino Maribor vabimo na zaklju\u010dni posvet projekta Prireditve z manj odpadki.","breadcrumb":{"@id":"https:\/\/ebm.si\/zw\/o\/2023\/posvet-zakaj-odpadki-na-prireditvah-se-niso-stvar-preteklosti\/#breadcrumb"},"inLanguage":"sl-SI","potentialAction":[{"@type":"ReadAction","target":["https:\/\/ebm.si\/zw\/o\/2023\/posvet-zakaj-odpadki-na-prireditvah-se-niso-stvar-preteklosti\/"]}]},{"@type":"ImageObject","inLanguage":"sl-SI","@id":"https:\/\/ebm.si\/zw\/o\/2023\/posvet-zakaj-odpadki-na-prireditvah-se-niso-stvar-preteklosti\/#primaryimage","url":"https:\/\/ebm.si\/zw\/wp-content\/uploads\/2023\/10\/291505939_448512683944481_7441217077645914481_n-e1698657715393.jpg","contentUrl":"https:\/\/ebm.si\/zw\/wp-content\/uploads\/2023\/10\/291505939_448512683944481_7441217077645914481_n-e1698657715393.jpg","width":1920,"height":1195},{"@type":"BreadcrumbList","@id":"https:\/\/ebm.si\/zw\/o\/2023\/posvet-zakaj-odpadki-na-prireditvah-se-niso-stvar-preteklosti\/#breadcrumb","itemListElement":[{"@type":"ListItem","position":1,"name":"Home","item":"https:\/\/ebm.si\/zw\/o\/"},{"@type":"ListItem","position":2,"name":"Posvet: Zakaj odpadki na prireditvah \u0161e niso stvar preteklosti?"}]},{"@type":"WebSite","@id":"https:\/\/ebm.si\/zw\/o\/#website","url":"https:\/\/ebm.si\/zw\/o\/","name":"Zero Waste Slovenija","description":"Ker verjamemo v svet brez odpadkov","potentialAction":[{"@type":"SearchAction","target":{"@type":"EntryPoint","urlTemplate":"https:\/\/ebm.si\/zw\/o\/?s={search_term_string}"},"query-input":"required name=search_term_string"}],"inLanguage":"sl-SI"},{"@type":"Person","@id":"https:\/\/ebm.si\/zw\/o\/#\/schema\/person\/035f20d13ca5768d24a6942aaf423b7d","name":"Katja Sre\u0161","image":{"@type":"ImageObject","inLanguage":"sl-SI","@id":"https:\/\/ebm.si\/zw\/o\/#\/schema\/person\/image\/","url":"https:\/\/secure.gravatar.com\/avatar\/0408b5641e04090f19ac973fdd8cff71?s=96&d=mm&r=g","contentUrl":"https:\/\/secure.gravatar.com\/avatar\/0408b5641e04090f19ac973fdd8cff71?s=96&d=mm&r=g","caption":"Katja Sre\u0161"},"url":"https:\/\/ebm.si\/zw\/o\/author\/srkatja\/"}]}},"_links":{"self":[{"href":"https:\/\/ebm.si\/zw\/o\/wp-json\/wp\/v2\/posts\/4678"}],"collection":[{"href":"https:\/\/ebm.si\/zw\/o\/wp-json\/wp\/v2\/posts"}],"about":[{"href":"https:\/\/ebm.si\/zw\/o\/wp-json\/wp\/v2\/types\/post"}],"author":[{"embeddable":true,"href":"https:\/\/ebm.si\/zw\/o\/wp-json\/wp\/v2\/users\/2"}],"replies":[{"embeddable":true,"href":"https:\/\/ebm.si\/zw\/o\/wp-json\/wp\/v2\/comments?post=4678"}],"version-history":[{"count":2,"href":"https:\/\/ebm.si\/zw\/o\/wp-json\/wp\/v2\/posts\/4678\/revisions"}],"predecessor-version":[{"id":4683,"href":"https:\/\/ebm.si\/zw\/o\/wp-json\/wp\/v2\/posts\/4678\/revisions\/4683"}],"wp:featuredmedia":[{"embeddable":true,"href":"https:\/\/ebm.si\/zw\/o\/wp-json\/wp\/v2\/media\/4681"}],"wp:attachment":[{"href":"https:\/\/ebm.si\/zw\/o\/wp-json\/wp\/v2\/media?parent=4678"}],"wp:term":[{"taxonomy":"category","embeddable":true,"href":"https:\/\/ebm.si\/zw\/o\/wp-json\/wp\/v2\/categories?post=4678"},{"taxonomy":"post_tag","embeddable":true,"href":"https:\/\/ebm.si\/zw\/o\/wp-json\/wp\/v2\/tags?post=4678"}],"curies":[{"name":"wp","href":"https:\/\/api.w.org\/{rel}","templated":true}]}}